{"id":19394,"date":"2025-10-11T14:33:02","date_gmt":"2025-10-11T20:33:02","guid":{"rendered":"https:\/\/brahmanjournal.com\/cattle\/?p=19394"},"modified":"2025-10-11T14:38:43","modified_gmt":"2025-10-11T20:38:43","slug":"history-of-the-comcebu","status":"publish","type":"post","link":"https:\/\/brahmanjournal.com\/cattle\/history-of-the-comcebu","title":{"rendered":"History of the COMCEBU"},"content":{"rendered":"<p><img loading=\"lazy\" decoding=\"async\" class=\"aligncenter size-full wp-image-19395\" src=\"https:\/\/brahmanjournal.com\/cattle\/wp-content\/uploads\/comcebu-history.jpg\" alt=\"\" width=\"1920\" height=\"992\" srcset=\"https:\/\/brahmanjournal.com\/cattle\/wp-content\/uploads\/comcebu-history.jpg 1920w, https:\/\/brahmanjournal.com\/cattle\/wp-content\/uploads\/comcebu-history-300x155.jpg 300w, https:\/\/brahmanjournal.com\/cattle\/wp-content\/uploads\/comcebu-history-1024x529.jpg 1024w, https:\/\/brahmanjournal.com\/cattle\/wp-content\/uploads\/comcebu-history-768x397.jpg 768w, https:\/\/brahmanjournal.com\/cattle\/wp-content\/uploads\/comcebu-history-1536x794.jpg 1536w, https:\/\/brahmanjournal.com\/cattle\/wp-content\/uploads\/comcebu-history-696x360.jpg 696w, https:\/\/brahmanjournal.com\/cattle\/wp-content\/uploads\/comcebu-history-1068x552.jpg 1068w, https:\/\/brahmanjournal.com\/cattle\/wp-content\/uploads\/comcebu-history-813x420.jpg 813w, https:\/\/brahmanjournal.com\/cattle\/wp-content\/uploads\/comcebu-history-600x310.jpg 600w\" sizes=\"auto, (max-width: 1920px) 100vw, 1920px\" \/>The Mexican hosted COMCEBU will take place October 21 to 26 at the World Trade Center in Boca del R\u00edo, Veracruz. Cebu enthusiasts from around the globe are invited to participate in six days of conferences, keynote speakers, livestock clinics, international networking, social events, trade shows and top-tier livestock activities including cattle exhibitions, sales and \u2000 eld days.<\/p>\n<p>COMCEBU is the World Congress of Cebu Breeders. The local Cebu association chosen to host the event must be a member of FICEBU and operate within the event guidelines established by FICEBU. FICEBU is the Federaci\u00f3n Internacional de criadores de CEBU (International Federation of CEBU breeders).<\/p>\n<p>The organization was created in 1988 to bring together and represent Cebu cattle (also known as Zebu in Portuguese) from around the world. Cebu breeds include Nelore, Guzerat, Gyr, Sindi (original Indian breeds), Brahman, Indubrasil, Sardo Negro and Tabapua.<\/p>\n<p>FICEBU members include associations from Australia, Bolivia, Brazil, Colombia, Costa Rica, Ecuador, El Salvador, Guatemala, Honduras, India, Mexico, Nicaragua, Panama, Paraguay, South Africa, the Dominican Republic, the United States, Uruguay and Venezuela. The COMCEBU event was originally Yamil Nacif\u2019s idea (along with the ASOCEBU Bolivia\u2019s Board of Directors). \u201cWhen he told me about the idea in April of 2022, I thought it was the perfect path to both promote Cebu breeds around the world and to open borders under sanitary controls to many countries,\u201d Jose Santiago Molina Moran of Cebulandia and Ganader\u00eda Palmira in Guatemala said.<\/p>\n<p>Yamil and Carlos were both elected to the FICEBU Board of Directors that year (Carlos as Chairman or President and Yamil as second Vice President), and Bolivia volunteered to host the \u2000 rst event in September of 2022, shortly after the World Brahman Congress in Paraguay. The COMCEBU was subsequently held in Brazil in May of 2024 and will be held in Mexico in October of 2025. For more information about the upcoming COMCEBU in Mexico, visit www.comcebu.mx. Future COMCEBU locations include Ecuador (October 2026), Colombia (2027), Paraguay (2029), India (2031) and Guatemala (2033).<\/p>\n<hr \/>\n<p>El COMCEBU en M\u00e9xico se llevar\u00e1 a cabo del 21 al 26 de Octubre en el World Trade Center de Boca del R\u00edo, Veracruz. A\u2000 cionados y criadores de ganado Ceb\u00fa de todo el mundo est\u00e1n invitados a participar en seis d\u00edas de conferencias, ponencias magistrales, cursos ganaderos, networking internacional, eventos sociales, exposiciones comerciales y actividades ganaderas de primer nivel, incluyendo exhibiciones de ganado, subastas y d\u00edas de campo. El COMCEBU es el Congreso Mundial de Criadores de Ceb\u00fa.<\/p>\n<p>La asociaci\u00f3n local de Ceb\u00fa elegida para organizar el evento debe ser miembro de FICEBU y cumplir con los lineamientos establecidos por la federaci\u00f3n. FICEBU es la Federaci\u00f3n Internacional de Criadores de Ceb\u00fa, creada en 1988 con el prop\u00f3sito de reunir y representar a los criadores de ganado Ceb\u00fa (tambi\u00e9n conocido como \u201cZebu\u201d en portugu\u00e9s) alrededor del mundo.<\/p>\n<p>Entre las razas Ceb\u00fa se encuentran Nelore, Guzerat, Gyr, Sindi (razas originales de la India), Brahman, Indubrasil, Sardo Negro y Tabapua. Actualmente FICEBU est\u00e1 integrada por asociaciones de Australia, Bolivia, Brasil, Colombia, Costa Rica, Ecuador, El Salvador, Guatemala, Honduras, India, M\u00e9xico, Nicaragua, Panam\u00e1, Paraguay, Sud\u00e1frica, Rep\u00fablica Dominicana, Estados Unidos, Uruguay y Venezuela.<\/p>\n<p>El evento COMCEBU fue originalmente una idea de Yamil Nacif, junto con la mesa directiva de ASOCEBU Bolivia. \u201cCuando me coment\u00f3 la idea en abril de 2022, pens\u00e9 que era el camino perfecto tanto para promover las razas Ceb\u00fa en el mundo como para abrir fronteras, bajo controles sanitarios, hacia muchos pa\u00edses\u201d, coment\u00f3 Jos\u00e9 Santiago Molina Mor\u00e1n, de Cebulandia y Ganader\u00eda Palmira en Guatemala.<\/p>\n<p>Ese mismo a\u00f1o Yamil y Carlos fueron electos al Consejo Directivo de FICEBU (Carlos como Presidente y Yamil como Segundo Vicepresidente), y Bolivia se ofreci\u00f3 como sede del primer evento en septiembre de 2022, poco despu\u00e9s del Congreso Mundial Brahman en Paraguay. Posteriormente, el COMCEBU se realiz\u00f3 en Brasil en mayo de 2024 y tendr\u00e1 como sede a M\u00e9xico en octubre de 2025. Para m\u00e1s informaci\u00f3n sobre el pr\u00f3ximo COMCEBU en M\u00e9xico, visite www.comcebu.mx Las futuras sedes con\u2000 rmadas incluyen: Ecuador (Octubre 2026), Colombia (2027), Paraguay (2029), India (2031) y Guatemala (2033).<\/p>\n<hr \/>\n<p style=\"text-align: center;\"><strong>2025\/2027 FICEBU THE BOARD OF DIRECTORS<\/strong><\/p>\n<p style=\"text-align: center;\"><img loading=\"lazy\" decoding=\"async\" class=\"size-full wp-image-19397 alignnone\" src=\"https:\/\/brahmanjournal.com\/cattle\/wp-content\/uploads\/comcebu-directors.jpg\" alt=\"\" width=\"1224\" height=\"866\" srcset=\"https:\/\/brahmanjournal.com\/cattle\/wp-content\/uploads\/comcebu-directors.jpg 1224w, https:\/\/brahmanjournal.com\/cattle\/wp-content\/uploads\/comcebu-directors-300x212.jpg 300w, https:\/\/brahmanjournal.com\/cattle\/wp-content\/uploads\/comcebu-directors-1024x724.jpg 1024w, https:\/\/brahmanjournal.com\/cattle\/wp-content\/uploads\/comcebu-directors-768x543.jpg 768w, https:\/\/brahmanjournal.com\/cattle\/wp-content\/uploads\/comcebu-directors-100x70.jpg 100w, https:\/\/brahmanjournal.com\/cattle\/wp-content\/uploads\/comcebu-directors-696x492.jpg 696w, https:\/\/brahmanjournal.com\/cattle\/wp-content\/uploads\/comcebu-directors-1068x756.jpg 1068w, https:\/\/brahmanjournal.com\/cattle\/wp-content\/uploads\/comcebu-directors-594x420.jpg 594w, https:\/\/brahmanjournal.com\/cattle\/wp-content\/uploads\/comcebu-directors-600x425.jpg 600w\" sizes=\"auto, (max-width: 1224px) 100vw, 1224px\" \/><strong>President:<\/strong> Juan Manuel Conde Mena<br \/>\n<strong>Vice-President:<\/strong> Yamil Nacif Nacif \u2022 <strong>2nd Vice-President:<\/strong> Paulo Sergio Scatolin<br \/>\n<strong>3rd Vice-President:<\/strong> Bruno Wasmosy \u2022 <strong>Secretary Director:<\/strong> Gabriela Alexandra Aparicio Aquilar<br \/>\n<strong>Financial Director:<\/strong> Manfred Rohrmoser Jimenez \u2022 <strong>Administrative Director:<\/strong> Ivan Luz Ledic<br \/>\n<strong>Technical Director:<\/strong> Juan Jose Fernando Baldomar Salgueiro<br \/>\n<strong>Effective Members of the Fiscal Council:<\/strong> Jose Santiago Molina Moran,<br \/>\nFredis Antonio Villatoros Rodriguez, Gabriel Garcia Cid<br \/>\n<strong>Alternate Member of the Fiscal Council:<\/strong> Arnaldo Manuel de Souza Machado Borges<\/p>\n<p style=\"text-align: center;\"><a href=\"https:\/\/comcebu.mx\/\" target=\"_blank\" rel=\"noopener\">Don\u2019t miss out! Get your COMCEBU Pass now \u2014 CLICK HERE!<\/a><\/p>\n<p style=\"text-align: center;\"><img loading=\"lazy\" decoding=\"async\" class=\"aligncenter size-full wp-image-19399\" src=\"https:\/\/brahmanjournal.com\/cattle\/wp-content\/uploads\/PROMO_TBJ-1.jpg\" alt=\"\" width=\"1200\" height=\"655\" srcset=\"https:\/\/brahmanjournal.com\/cattle\/wp-content\/uploads\/PROMO_TBJ-1.jpg 1200w, https:\/\/brahmanjournal.com\/cattle\/wp-content\/uploads\/PROMO_TBJ-1-300x164.jpg 300w, https:\/\/brahmanjournal.com\/cattle\/wp-content\/uploads\/PROMO_TBJ-1-1024x559.jpg 1024w, https:\/\/brahmanjournal.com\/cattle\/wp-content\/uploads\/PROMO_TBJ-1-768x419.jpg 768w, https:\/\/brahmanjournal.com\/cattle\/wp-content\/uploads\/PROMO_TBJ-1-696x380.jpg 696w, https:\/\/brahmanjournal.com\/cattle\/wp-content\/uploads\/PROMO_TBJ-1-1068x583.jpg 1068w, https:\/\/brahmanjournal.com\/cattle\/wp-content\/uploads\/PROMO_TBJ-1-769x420.jpg 769w, https:\/\/brahmanjournal.com\/cattle\/wp-content\/uploads\/PROMO_TBJ-1-600x328.jpg 600w\" sizes=\"auto, (max-width: 1200px) 100vw, 1200px\" \/><\/p>\n<p style=\"text-align: center;\"><a href=\"https:\/\/comcebu.mx\/\" target=\"_blank\" rel=\"noopener\">\u00a1Adquiere tu Carnet para asistir al COMCEBU! Haz CLICK AQU\u00cd y reg\u00edstrate!<\/a><\/p>\n<p style=\"text-align: center;\"><img loading=\"lazy\" decoding=\"async\" class=\"aligncenter size-full wp-image-19400\" src=\"https:\/\/brahmanjournal.com\/cattle\/wp-content\/uploads\/PROMO_TBJ-2.jpg\" alt=\"\" width=\"1200\" height=\"655\" srcset=\"https:\/\/brahmanjournal.com\/cattle\/wp-content\/uploads\/PROMO_TBJ-2.jpg 1200w, https:\/\/brahmanjournal.com\/cattle\/wp-content\/uploads\/PROMO_TBJ-2-300x164.jpg 300w, https:\/\/brahmanjournal.com\/cattle\/wp-content\/uploads\/PROMO_TBJ-2-1024x559.jpg 1024w, https:\/\/brahmanjournal.com\/cattle\/wp-content\/uploads\/PROMO_TBJ-2-768x419.jpg 768w, https:\/\/brahmanjournal.com\/cattle\/wp-content\/uploads\/PROMO_TBJ-2-696x380.jpg 696w, https:\/\/brahmanjournal.com\/cattle\/wp-content\/uploads\/PROMO_TBJ-2-1068x583.jpg 1068w, https:\/\/brahmanjournal.com\/cattle\/wp-content\/uploads\/PROMO_TBJ-2-769x420.jpg 769w, https:\/\/brahmanjournal.com\/cattle\/wp-content\/uploads\/PROMO_TBJ-2-600x328.jpg 600w\" sizes=\"auto, (max-width: 1200px) 100vw, 1200px\" \/><\/p>\n","protected":false},"excerpt":{"rendered":"<p>Click here to learn about the history of COMCEBU&#8230;<\/p>\n","protected":false},"author":4140,"featured_media":19398,"comment_status":"closed","ping_status":"closed","sticky":false,"template":"","format":"standard","meta":{"footnotes":"","_links_to":"","_links_to_target":""},"categories":[64,19,9],"tags":[],"class_list":{"0":"post-19394","1":"post","2":"type-post","3":"status-publish","4":"format-standard","5":"has-post-thumbnail","7":"category-v-spanish","8":"category-brahman-news","9":"category-current-news"},"_links":{"self":[{"href":"https:\/\/brahmanjournal.com\/cattle\/wp-json\/wp\/v2\/posts\/19394","targetHints":{"allow":["GET"]}}],"collection":[{"href":"https:\/\/brahmanjournal.com\/cattle\/wp-json\/wp\/v2\/posts"}],"about":[{"href":"https:\/\/brahmanjournal.com\/cattle\/wp-json\/wp\/v2\/types\/post"}],"author":[{"embeddable":true,"href":"https:\/\/brahmanjournal.com\/cattle\/wp-json\/wp\/v2\/users\/4140"}],"replies":[{"embeddable":true,"href":"https:\/\/brahmanjournal.com\/cattle\/wp-json\/wp\/v2\/comments?post=19394"}],"version-history":[{"count":3,"href":"https:\/\/brahmanjournal.com\/cattle\/wp-json\/wp\/v2\/posts\/19394\/revisions"}],"predecessor-version":[{"id":19402,"href":"https:\/\/brahmanjournal.com\/cattle\/wp-json\/wp\/v2\/posts\/19394\/revisions\/19402"}],"wp:featuredmedia":[{"embeddable":true,"href":"https:\/\/brahmanjournal.com\/cattle\/wp-json\/wp\/v2\/media\/19398"}],"wp:attachment":[{"href":"https:\/\/brahmanjournal.com\/cattle\/wp-json\/wp\/v2\/media?parent=19394"}],"wp:term":[{"taxonomy":"category","embeddable":true,"href":"https:\/\/brahmanjournal.com\/cattle\/wp-json\/wp\/v2\/categories?post=19394"},{"taxonomy":"post_tag","embeddable":true,"href":"https:\/\/brahmanjournal.com\/cattle\/wp-json\/wp\/v2\/tags?post=19394"}],"curies":[{"name":"wp","href":"https:\/\/api.w.org\/{rel}","templated":true}]}}